{"id":5598,"date":"2025-11-24T14:43:50","date_gmt":"2025-11-24T14:43:50","guid":{"rendered":"https:\/\/visitnorthcroatia.com\/?p=5598"},"modified":"2025-11-24T14:44:32","modified_gmt":"2025-11-24T14:44:32","slug":"inicijative-koje-zeleno-zagorje-cine-jos-zelenijim","status":"publish","type":"post","link":"https:\/\/visitnorthcroatia.com\/en\/inicijative-koje-zeleno-zagorje-cine-jos-zelenijim\/","title":{"rendered":"Inicijative koje zeleno Zagorje \u010dine \u2013 jo\u0161 zelenijim"},"content":{"rendered":"<p>Kada posje\u0107ujete etno ku\u0107e u Maru\u0161evcu ili Gornjoj Vo\u0107i, ili pak prolazite prema \u0161pilji Vindiji zastanite i pozdravite nove stanovnike ovih krajeva \u2013 korijene su ve\u0107 pustili, \u010dini se da ostaju trajno.<\/p>\n\n\n\n<p>Na podru\u010dju Sjevera Zagorja nedavno je provedena nova akcija ozelenjivanja u sklopu projekta <strong>\u201eHrvatska prirodno tvoja \u2013 Croatia naturally yours\u201d<\/strong>, inicijative Hrvatske turisti\u010dke zajednice koja sufinancira nabavu sadnica s ciljem promicanja odr\u017eivog razvoja turizma. Projekt isti\u010de va\u017enost o\u010duvanja prirodnog okoli\u0161a te ja\u010da svijest o ulozi zelenih povr\u0161ina u kvaliteti \u017eivota i turisti\u010dkoj privla\u010dnosti destinacije.<\/p>\n\n\n\n<figure data-wp-context=\"{&quot;uploadedSrc&quot;:&quot;https:\\\/\\\/visitnorthcroatia.com\\\/wp-content\\\/uploads\\\/2025\\\/11\\\/IMG_20251112_115617-scaled-1.jpg&quot;,&quot;figureClassNames&quot;:&quot;wp-block-image size-large&quot;,&quot;figureStyles&quot;:null,&quot;imgClassNames&quot;:&quot;wp-image-5599&quot;,&quot;imgStyles&quot;:null,&quot;targetWidth&quot;:2560,&quot;targetHeight&quot;:2048,&quot;scaleAttr&quot;:false,&quot;ariaLabel&quot;:&quot;Enlarge image&quot;,&quot;alt&quot;:&quot;&quot;}\" data-wp-interactive=\"core\/image\" class=\"wp-block-image size-large wp-lightbox-container\"><img fetchpriority=\"high\" decoding=\"async\" width=\"1024\" height=\"819\" data-wp-init=\"callbacks.setButtonStyles\" data-wp-on--click=\"actions.showLightbox\" data-wp-on--load=\"callbacks.setButtonStyles\" data-wp-on-window--resize=\"callbacks.setButtonStyles\" src=\"https:\/\/visitnorthcroatia.com\/wp-content\/uploads\/2025\/11\/IMG_20251112_115617-scaled-1-1024x819.jpg\" alt=\"\" class=\"wp-image-5599\" srcset=\"https:\/\/visitnorthcroatia.com\/wp-content\/uploads\/2025\/11\/IMG_20251112_115617-scaled-1-1024x819.jpg 1024w, https:\/\/visitnorthcroatia.com\/wp-content\/uploads\/2025\/11\/IMG_20251112_115617-scaled-1-300x240.jpg 300w, https:\/\/visitnorthcroatia.com\/wp-content\/uploads\/2025\/11\/IMG_20251112_115617-scaled-1-768x614.jpg 768w, https:\/\/visitnorthcroatia.com\/wp-content\/uploads\/2025\/11\/IMG_20251112_115617-scaled-1-1536x1229.jpg 1536w, https:\/\/visitnorthcroatia.com\/wp-content\/uploads\/2025\/11\/IMG_20251112_115617-scaled-1-2048x1638.jpg 2048w, https:\/\/visitnorthcroatia.com\/wp-content\/uploads\/2025\/11\/IMG_20251112_115617-scaled-1-15x12.jpg 15w\" sizes=\"(max-width: 1024px) 100vw, 1024px\" \/><button\n\t\t\tclass=\"lightbox-trigger\"\n\t\t\ttype=\"button\"\n\t\t\taria-haspopup=\"dialog\"\n\t\t\taria-label=\"Enlarge image\"\n\t\t\tdata-wp-init=\"callbacks.initTriggerButton\"\n\t\t\tdata-wp-on--click=\"actions.showLightbox\"\n\t\t\tdata-wp-style--right=\"context.imageButtonRight\"\n\t\t\tdata-wp-style--top=\"context.imageButtonTop\"\n\t\t>\n\t\t\t<svg xmlns=\"http:\/\/www.w3.org\/2000\/svg\" width=\"12\" height=\"12\" fill=\"none\" viewbox=\"0 0 12 12\">\n\t\t\t\t<path fill=\"#fff\" d=\"M2 0a2 2 0 0 0-2 2v2h1.5V2a.5.5 0 0 1 .5-.5h2V0H2Zm2 10.5H2a.5.5 0 0 1-.5-.5V8H0v2a2 2 0 0 0 2 2h2v-1.5ZM8 12v-1.5h2a.5.5 0 0 0 .5-.5V8H12v2a2 2 0 0 1-2 2H8Zm2-12a2 2 0 0 1 2 2v2h-1.5V2a.5.5 0 0 0-.5-.5H8V0h2Z\" \/>\n\t\t\t<\/svg>\n\t\t<\/button><\/figure>\n\n\n\n<p>Prva faza sadnje odr\u017eana je pokraj etno ku\u0107e u \u010calincu (op\u0107ina Maru\u0161evec), gdje su posa\u0111ene sadnice <strong>bijelog i crnog duda (murve)<\/strong>. Osim \u0161to pove\u0107avaju bioraznolikost, murve nose i sna\u017enu emotivnu i kulturnu simboliku \u2013 neko\u0107 su bile gotovo neizostavan dio svakog seoskog dvori\u0161ta. Njihova sadnja tako predstavlja i o\u010duvanje tradicije te podsjetnik na vrijednosti ruralnog \u017eivota koje ponovno dobivaju na zna\u010daju.<\/p>\n\n\n\n<p>Drugi dio akcije proveden je u centru <strong>Donje Vo\u0107e<\/strong>, gdje su zasa\u0111ene <strong>lipe, kesteni i tise<\/strong>. Time je dodatno oplemenjen prostor na kojem \u0107e u budu\u0107nosti biti izgra\u0111en posjetiteljski centar \u0161pilje Vindije, jednog od najva\u017enijih europskih arheolo\u0161kih nalazi\u0161ta. Novo zelenilo stvara prirodan okvir za budu\u0107i centar i pridonosi stvaranju ugodnog, autenti\u010dnog ambijenta za posjetitelje.<\/p>\n\n\n\n<figure data-wp-context=\"{&quot;uploadedSrc&quot;:&quot;https:\\\/\\\/visitnorthcroatia.com\\\/wp-content\\\/uploads\\\/2025\\\/11\\\/IMG_20251112_122039-scaled-1.jpg&quot;,&quot;figureClassNames&quot;:&quot;wp-block-image size-large&quot;,&quot;figureStyles&quot;:null,&quot;imgClassNames&quot;:&quot;wp-image-5600&quot;,&quot;imgStyles&quot;:null,&quot;targetWidth&quot;:2560,&quot;targetHeight&quot;:2048,&quot;scaleAttr&quot;:false,&quot;ariaLabel&quot;:&quot;Enlarge image&quot;,&quot;alt&quot;:&quot;&quot;}\" data-wp-interactive=\"core\/image\" class=\"wp-block-image size-large wp-lightbox-container\"><img decoding=\"async\" width=\"1024\" height=\"819\" data-wp-init=\"callbacks.setButtonStyles\" data-wp-on--click=\"actions.showLightbox\" data-wp-on--load=\"callbacks.setButtonStyles\" data-wp-on-window--resize=\"callbacks.setButtonStyles\" src=\"https:\/\/visitnorthcroatia.com\/wp-content\/uploads\/2025\/11\/IMG_20251112_122039-scaled-1-1024x819.jpg\" alt=\"\" class=\"wp-image-5600\" srcset=\"https:\/\/visitnorthcroatia.com\/wp-content\/uploads\/2025\/11\/IMG_20251112_122039-scaled-1-1024x819.jpg 1024w, https:\/\/visitnorthcroatia.com\/wp-content\/uploads\/2025\/11\/IMG_20251112_122039-scaled-1-300x240.jpg 300w, https:\/\/visitnorthcroatia.com\/wp-content\/uploads\/2025\/11\/IMG_20251112_122039-scaled-1-768x614.jpg 768w, https:\/\/visitnorthcroatia.com\/wp-content\/uploads\/2025\/11\/IMG_20251112_122039-scaled-1-1536x1229.jpg 1536w, https:\/\/visitnorthcroatia.com\/wp-content\/uploads\/2025\/11\/IMG_20251112_122039-scaled-1-2048x1638.jpg 2048w, https:\/\/visitnorthcroatia.com\/wp-content\/uploads\/2025\/11\/IMG_20251112_122039-scaled-1-15x12.jpg 15w\" sizes=\"(max-width: 1024px) 100vw, 1024px\" \/><button\n\t\t\tclass=\"lightbox-trigger\"\n\t\t\ttype=\"button\"\n\t\t\taria-haspopup=\"dialog\"\n\t\t\taria-label=\"Enlarge image\"\n\t\t\tdata-wp-init=\"callbacks.initTriggerButton\"\n\t\t\tdata-wp-on--click=\"actions.showLightbox\"\n\t\t\tdata-wp-style--right=\"context.imageButtonRight\"\n\t\t\tdata-wp-style--top=\"context.imageButtonTop\"\n\t\t>\n\t\t\t<svg xmlns=\"http:\/\/www.w3.org\/2000\/svg\" width=\"12\" height=\"12\" fill=\"none\" viewbox=\"0 0 12 12\">\n\t\t\t\t<path fill=\"#fff\" d=\"M2 0a2 2 0 0 0-2 2v2h1.5V2a.5.5 0 0 1 .5-.5h2V0H2Zm2 10.5H2a.5.5 0 0 1-.5-.5V8H0v2a2 2 0 0 0 2 2h2v-1.5ZM8 12v-1.5h2a.5.5 0 0 0 .5-.5V8H12v2a2 2 0 0 1-2 2H8Zm2-12a2 2 0 0 1 2 2v2h-1.5V2a.5.5 0 0 0-.5-.5H8V0h2Z\" \/>\n\t\t\t<\/svg>\n\t\t<\/button><\/figure>\n\n\n\n<p>Akcija je zaklju\u010dena sadnjom lipa uz etno ku\u0107u u <strong>Gornjoj Vo\u0107i<\/strong>, \u010dime su zagorski bre\u017euljci dodatno oboga\u0107eni autohtonim vrstama koje simboliziraju mir, zajedni\u0161tvo i duboku ukorijenjenost tradicije.<\/p>\n\n\n\n<p>Cjelokupna sadnja provedena je u suradnji <strong>TZP-a Sjever Zagorja<\/strong> te op\u0107ina <strong>Maru\u0161evec i Donja Vo\u0107a<\/strong>, ujedinjenih u zajedni\u010dkom cilju \u2013 stvaranju ljep\u0161eg, zdravijeg i odr\u017eivijeg okoli\u0161a za sada\u0161nje i budu\u0107e generacije.<\/p>","protected":false},"excerpt":{"rendered":"<p>Kada posje\u0107ujete etno ku\u0107e u Maru\u0161evcu ili Gornjoj Vo\u0107i, ili pak prolazite prema \u0161pilji Vindiji zastanite i pozdravite nove stanovnike ovih krajeva \u2013 korijene su ve\u0107 pustili, \u010dini se da ostaju trajno. Na podru\u010dju Sjevera Zagorja nedavno je provedena nova akcija ozelenjivanja u sklopu projekta \u201eHrvatska prirodno tvoja \u2013 Croatia naturally yours\u201d, inicijative Hrvatske turisti\u010dke [&hellip;]<\/p>","protected":false},"author":1,"featured_media":5599,"comment_status":"closed","ping_status":"closed","sticky":false,"template":"","format":"standard","meta":{"_monsterinsights_skip_tracking":false,"_monsterinsights_sitenote_active":false,"_monsterinsights_sitenote_note":"","_monsterinsights_sitenote_category":0,"footnotes":""},"categories":[39,44,5],"tags":[],"_links":{"self":[{"href":"https:\/\/visitnorthcroatia.com\/en\/wp-json\/wp\/v2\/posts\/5598"}],"collection":[{"href":"https:\/\/visitnorthcroatia.com\/en\/wp-json\/wp\/v2\/posts"}],"about":[{"href":"https:\/\/visitnorthcroatia.com\/en\/wp-json\/wp\/v2\/types\/post"}],"author":[{"embeddable":true,"href":"https:\/\/visitnorthcroatia.com\/en\/wp-json\/wp\/v2\/users\/1"}],"replies":[{"embeddable":true,"href":"https:\/\/visitnorthcroatia.com\/en\/wp-json\/wp\/v2\/comments?post=5598"}],"version-history":[{"count":1,"href":"https:\/\/visitnorthcroatia.com\/en\/wp-json\/wp\/v2\/posts\/5598\/revisions"}],"predecessor-version":[{"id":5601,"href":"https:\/\/visitnorthcroatia.com\/en\/wp-json\/wp\/v2\/posts\/5598\/revisions\/5601"}],"wp:featuredmedia":[{"embeddable":true,"href":"https:\/\/visitnorthcroatia.com\/en\/wp-json\/wp\/v2\/media\/5599"}],"wp:attachment":[{"href":"https:\/\/visitnorthcroatia.com\/en\/wp-json\/wp\/v2\/media?parent=5598"}],"wp:term":[{"taxonomy":"category","embeddable":true,"href":"https:\/\/visitnorthcroatia.com\/en\/wp-json\/wp\/v2\/categories?post=5598"},{"taxonomy":"post_tag","embeddable":true,"href":"https:\/\/visitnorthcroatia.com\/en\/wp-json\/wp\/v2\/tags?post=5598"}],"curies":[{"name":"wp","href":"https:\/\/api.w.org\/{rel}","templated":true}]}}